{"id":15551,"date":"2016-01-27T16:38:08","date_gmt":"2016-01-27T16:38:08","guid":{"rendered":"http:\/\/www.confenar.com.br\/?p=15551"},"modified":"2016-01-27T16:53:21","modified_gmt":"2016-01-27T16:53:21","slug":"stella-artois-lanca-plataforma-receber-e-uma-arte","status":"publish","type":"post","link":"https:\/\/www.confenar.com.br\/index.php\/2016\/01\/27\/stella-artois-lanca-plataforma-receber-e-uma-arte\/","title":{"rendered":"Stella Artois lan\u00e7a plataforma \u2018receber \u00e9 uma arte\u2019"},"content":{"rendered":"<p>A marca Stella Artois criou um guia de A-Z para apoiar a arte de receber bem as pessoas. A a\u00e7\u00e3o contou com a participa\u00e7\u00e3o de experts do mundo da culin\u00e1ria, entretenimento e decora\u00e7\u00e3o.<\/p>\n<p>O chef Raphael Despirite, do Fechado para Jantar, citou alguns de seus segredos na cozinha e indicou receitas exclusivas. J\u00e1 o fot\u00f3grafo Gabriel Wickbold, famoso por seus retratos ousados e criativos, falou sobre como reunir pessoas de tribos diferentes. <\/p>\n<p>J\u00e1 Lucila Turqueto, idealizadora do blog Casa de Valentina, apresentou dicas de decora\u00e7\u00e3o e detalhes que fazem toda a diferen\u00e7a. A modelo e DJ Marina Dias, do De Polainas, ensinou como criar a playlist ideal para receber os amigos em casa e Betina de Luca, conhecida como a anfitri\u00e3 jovem carioca, diz que estilo e personalidade s\u00e3o os segredos do sucesso para receber bem.<\/p>\n<p>\u201cN\u00e3o basta abrir a porta e pedir para os convidados se sentirem em casa. Receber \u00e9 uma arte que requer prepara\u00e7\u00e3o e aten\u00e7\u00e3o a cada detalhe. Stella Artois quer que seus consumidores sejam bons anfitri\u00f5es lhes ajudando a transformar momentos cotidianos em experi\u00eancias \u00fanicas\u201d, afirma Viviane Somerlat, gerente de Marketing da marca.<\/p>\n<p>Abordando em cada letra um tema relevante para ajudar o consumidor a ser um bom anfitri\u00e3o, as sugest\u00f5es do guia de A a Z da Arte de Receber tamb\u00e9m incluem o ritual para servir Stella Artois com perfei\u00e7\u00e3o. Esse guia est\u00e1 dispon\u00edvel no site da marca: www.stellaartois.com.br<\/p>\n<p>Stella Artois tamb\u00e9m criou um filme para a TV que traduz o conceito do bem receber. O v\u00eddeo mostra um grupo de amigos almo\u00e7ando em um bal\u00e3o e o locutor falando que um bom anfitri\u00e3o \u00e9 sempre um bom anfitri\u00e3o, n\u00e3o importa o lugar onde ele est\u00e1 recebendo as pessoas.<\/p>\n<style>h1{display:none !important;}<\/style>\n","protected":false},"excerpt":{"rendered":"<p>A marca Stella Artois criou um guia de A-Z para apoiar a arte de receber bem as pessoas. A a\u00e7\u00e3o contou com a participa\u00e7\u00e3o de experts do mundo da culin\u00e1ria, entretenimento e decora\u00e7\u00e3o.<\/p>\n","protected":false},"author":1,"featured_media":0,"comment_status":"open","ping_status":"open","sticky":false,"template":"","format":"standard","meta":{"_acf_changed":false,"footnotes":""},"categories":[1],"tags":[],"class_list":["post-15551","post","type-post","status-publish","format-standard","hentry","category-fique-por-dentro"],"acf":[],"_links":{"self":[{"href":"https:\/\/www.confenar.com.br\/index.php\/wp-json\/wp\/v2\/posts\/15551","targetHints":{"allow":["GET"]}}],"collection":[{"href":"https:\/\/www.confenar.com.br\/index.php\/wp-json\/wp\/v2\/posts"}],"about":[{"href":"https:\/\/www.confenar.com.br\/index.php\/wp-json\/wp\/v2\/types\/post"}],"author":[{"embeddable":true,"href":"https:\/\/www.confenar.com.br\/index.php\/wp-json\/wp\/v2\/users\/1"}],"replies":[{"embeddable":true,"href":"https:\/\/www.confenar.com.br\/index.php\/wp-json\/wp\/v2\/comments?post=15551"}],"version-history":[{"count":7,"href":"https:\/\/www.confenar.com.br\/index.php\/wp-json\/wp\/v2\/posts\/15551\/revisions"}],"predecessor-version":[{"id":15565,"href":"https:\/\/www.confenar.com.br\/index.php\/wp-json\/wp\/v2\/posts\/15551\/revisions\/15565"}],"wp:attachment":[{"href":"https:\/\/www.confenar.com.br\/index.php\/wp-json\/wp\/v2\/media?parent=15551"}],"wp:term":[{"taxonomy":"category","embeddable":true,"href":"https:\/\/www.confenar.com.br\/index.php\/wp-json\/wp\/v2\/categories?post=15551"},{"taxonomy":"post_tag","embeddable":true,"href":"https:\/\/www.confenar.com.br\/index.php\/wp-json\/wp\/v2\/tags?post=15551"}],"curies":[{"name":"wp","href":"https:\/\/api.w.org\/{rel}","templated":true}]}}