{"id":8186,"date":"2010-01-01T11:33:32","date_gmt":"2010-01-01T11:33:32","guid":{"rendered":"http:\/\/novo.confenar.com.br\/?p=8186"},"modified":"2015-07-08T12:11:24","modified_gmt":"2015-07-08T12:11:24","slug":"kasinski-mercedes-benz-e-volkswagen","status":"publish","type":"post","link":"https:\/\/www.confenar.com.br\/index.php\/2010\/01\/01\/kasinski-mercedes-benz-e-volkswagen\/","title":{"rendered":"Kasinski, Mercedes Benz e Volkswagen"},"content":{"rendered":"<p><iframe loading=\"lazy\" title=\"Kasinski, Mercedes Benz e Volkswagen - Janeiro \/ 2010\" width=\"500\" height=\"375\" src=\"https:\/\/www.youtube.com\/embed\/w6e4SjShZ0A?feature=oembed\" frameborder=\"0\" allow=\"accelerometer; autoplay; clipboard-write; encrypted-media; gyroscope; picture-in-picture; web-share\" referrerpolicy=\"strict-origin-when-cross-origin\" allowfullscreen><\/iframe><\/p>\n<p>No primeiro programa do ano destaque para o balan\u00e7o de 2009 na \u00c1rea de Neg\u00f3cios e para os novos pacotes de 2010 com a Kasinski, Mercedes Benz e Volkswagen. Veja tamb\u00e9m a cobertura completa do encontro entre a Diretoria e os Integrantes dos comit\u00eas de trabalho para um planejamento estrat\u00e9gico que determinar\u00e1 os trabalhos desenvolvidos em 2010. E para finalizar o programa depoimento dos que marcaram presen\u00e7a no importante encontro da Confenar.<\/p>\n","protected":false},"excerpt":{"rendered":"<p>No primeiro programa do ano destaque para o balan\u00e7o de 2009 na \u00c1rea de Neg\u00f3cios e para os novos pacotes de 2010 com a Kasinski, Mercedes Benz e Volkswagen. Veja tamb\u00e9m a cobertura completa do encontro entre a Diretoria e os Integrantes dos comit\u00eas de trabalho para um planejamento estrat\u00e9gico que determinar\u00e1 os trabalhos desenvolvidos [&hellip;]<\/p>\n","protected":false},"author":1,"featured_media":8196,"comment_status":"open","ping_status":"open","sticky":false,"template":"","format":"standard","meta":{"_acf_changed":false,"footnotes":""},"categories":[6],"tags":[],"class_list":["post-8186","post","type-post","status-publish","format-standard","has-post-thumbnail","hentry","category-tv-confenar"],"acf":[],"_links":{"self":[{"href":"https:\/\/www.confenar.com.br\/index.php\/wp-json\/wp\/v2\/posts\/8186","targetHints":{"allow":["GET"]}}],"collection":[{"href":"https:\/\/www.confenar.com.br\/index.php\/wp-json\/wp\/v2\/posts"}],"about":[{"href":"https:\/\/www.confenar.com.br\/index.php\/wp-json\/wp\/v2\/types\/post"}],"author":[{"embeddable":true,"href":"https:\/\/www.confenar.com.br\/index.php\/wp-json\/wp\/v2\/users\/1"}],"replies":[{"embeddable":true,"href":"https:\/\/www.confenar.com.br\/index.php\/wp-json\/wp\/v2\/comments?post=8186"}],"version-history":[{"count":2,"href":"https:\/\/www.confenar.com.br\/index.php\/wp-json\/wp\/v2\/posts\/8186\/revisions"}],"predecessor-version":[{"id":8201,"href":"https:\/\/www.confenar.com.br\/index.php\/wp-json\/wp\/v2\/posts\/8186\/revisions\/8201"}],"wp:featuredmedia":[{"embeddable":true,"href":"https:\/\/www.confenar.com.br\/index.php\/wp-json\/wp\/v2\/media\/8196"}],"wp:attachment":[{"href":"https:\/\/www.confenar.com.br\/index.php\/wp-json\/wp\/v2\/media?parent=8186"}],"wp:term":[{"taxonomy":"category","embeddable":true,"href":"https:\/\/www.confenar.com.br\/index.php\/wp-json\/wp\/v2\/categories?post=8186"},{"taxonomy":"post_tag","embeddable":true,"href":"https:\/\/www.confenar.com.br\/index.php\/wp-json\/wp\/v2\/tags?post=8186"}],"curies":[{"name":"wp","href":"https:\/\/api.w.org\/{rel}","templated":true}]}}