{"id":9446,"date":"2013-01-01T11:26:32","date_gmt":"2013-01-01T11:26:32","guid":{"rendered":"http:\/\/novo.confenar.com.br\/?p=9446"},"modified":"2015-07-15T11:27:01","modified_gmt":"2015-07-15T11:27:01","slug":"domingos-falanga-diretor-comercial-fala-dos-detalhes-da-parcerias-com-a-confenar","status":"publish","type":"post","link":"https:\/\/www.confenar.com.br\/index.php\/2013\/01\/01\/domingos-falanga-diretor-comercial-fala-dos-detalhes-da-parcerias-com-a-confenar\/","title":{"rendered":"Domingos Falanga, Diretor Comercial, fala dos detalhes da parcerias com a Confenar"},"content":{"rendered":"<p><iframe loading=\"lazy\" title=\"Domingos Falanga, Diretor Comercial, fala dos detalhes da parcerias com a Confenar - Janeiro \/ 2013\" width=\"500\" height=\"375\" src=\"https:\/\/www.youtube.com\/embed\/ruqCjoUGq9M?feature=oembed\" frameborder=\"0\" allow=\"accelerometer; autoplay; clipboard-write; encrypted-media; gyroscope; picture-in-picture; web-share\" referrerpolicy=\"strict-origin-when-cross-origin\" allowfullscreen><\/iframe><\/p>\n<p>No TV Confenar de Janeiro, recebemos muitos convidados especiais, tivemos Domingos Falanga \/ Diretor Comercial \/ Honeywell Scanning &#038; Mobility falando dos detalhes da parcerias com a Confenar. Al\u00e9m de Nino Feoli, Executivo da \u00e1rea de neg\u00f3cios falando das novidades da \u00e1rea de neg\u00f3cios para 2013. Tivemos tamb\u00e9m Aldenizio Bezerra, Executivo da Confenar falando sobre as entregas dos projetos de 6 sigma.<\/p>\n","protected":false},"excerpt":{"rendered":"<p>No TV Confenar de Janeiro, recebemos muitos convidados especiais, tivemos Domingos Falanga \/ Diretor Comercial \/ Honeywell Scanning &#038; Mobility falando dos detalhes da parcerias com a Confenar. Al\u00e9m de Nino Feoli, Executivo da \u00e1rea de neg\u00f3cios falando das novidades da \u00e1rea de neg\u00f3cios para 2013. Tivemos tamb\u00e9m Aldenizio Bezerra, Executivo da Confenar falando sobre [&hellip;]<\/p>\n","protected":false},"author":1,"featured_media":9456,"comment_status":"open","ping_status":"open","sticky":false,"template":"","format":"standard","meta":{"_acf_changed":false,"footnotes":""},"categories":[6],"tags":[],"class_list":["post-9446","post","type-post","status-publish","format-standard","has-post-thumbnail","hentry","category-tv-confenar"],"acf":[],"_links":{"self":[{"href":"https:\/\/www.confenar.com.br\/index.php\/wp-json\/wp\/v2\/posts\/9446","targetHints":{"allow":["GET"]}}],"collection":[{"href":"https:\/\/www.confenar.com.br\/index.php\/wp-json\/wp\/v2\/posts"}],"about":[{"href":"https:\/\/www.confenar.com.br\/index.php\/wp-json\/wp\/v2\/types\/post"}],"author":[{"embeddable":true,"href":"https:\/\/www.confenar.com.br\/index.php\/wp-json\/wp\/v2\/users\/1"}],"replies":[{"embeddable":true,"href":"https:\/\/www.confenar.com.br\/index.php\/wp-json\/wp\/v2\/comments?post=9446"}],"version-history":[{"count":1,"href":"https:\/\/www.confenar.com.br\/index.php\/wp-json\/wp\/v2\/posts\/9446\/revisions"}],"predecessor-version":[{"id":9451,"href":"https:\/\/www.confenar.com.br\/index.php\/wp-json\/wp\/v2\/posts\/9446\/revisions\/9451"}],"wp:featuredmedia":[{"embeddable":true,"href":"https:\/\/www.confenar.com.br\/index.php\/wp-json\/wp\/v2\/media\/9456"}],"wp:attachment":[{"href":"https:\/\/www.confenar.com.br\/index.php\/wp-json\/wp\/v2\/media?parent=9446"}],"wp:term":[{"taxonomy":"category","embeddable":true,"href":"https:\/\/www.confenar.com.br\/index.php\/wp-json\/wp\/v2\/categories?post=9446"},{"taxonomy":"post_tag","embeddable":true,"href":"https:\/\/www.confenar.com.br\/index.php\/wp-json\/wp\/v2\/tags?post=9446"}],"curies":[{"name":"wp","href":"https:\/\/api.w.org\/{rel}","templated":true}]}}