{"id":9666,"date":"2012-01-01T11:47:22","date_gmt":"2012-01-01T11:47:22","guid":{"rendered":"http:\/\/novo.confenar.com.br\/?p=9666"},"modified":"2015-07-15T11:47:43","modified_gmt":"2015-07-15T11:47:43","slug":"missao-confenar-2012-para-alemanha-e-franca","status":"publish","type":"post","link":"https:\/\/www.confenar.com.br\/index.php\/2012\/01\/01\/missao-confenar-2012-para-alemanha-e-franca\/","title":{"rendered":"Miss\u00e3o Confenar 2012 para Alemanha e Fran\u00e7a"},"content":{"rendered":"<p><iframe loading=\"lazy\" title=\"Miss\u00e3o Confenar 2012 para Alemanha e Fran\u00e7a - Janeiro \/ 2012\" width=\"500\" height=\"375\" src=\"https:\/\/www.youtube.com\/embed\/3iNyy8egV14?feature=oembed\" frameborder=\"0\" allow=\"accelerometer; autoplay; clipboard-write; encrypted-media; gyroscope; picture-in-picture; web-share\" referrerpolicy=\"strict-origin-when-cross-origin\" allowfullscreen><\/iframe><\/p>\n<p>No Tv Confenar de Janeiro, tivemos uma entrevista super especial com o Presidente Hamilton falando sobre os rumos da Confenar em 2012. Semana SIPAT, Miss\u00e3o Confenar 2012 para Alemanha e Fran\u00e7a, SEALS 2012, Novo site da Confenar, novidades da \u00c1rea de neg\u00f3cios, al\u00e9m da mensagem de inicio de ano dos lideres de comit\u00ea de diretoria da Confenar.<\/p>\n","protected":false},"excerpt":{"rendered":"<p>No Tv Confenar de Janeiro, tivemos uma entrevista super especial com o Presidente Hamilton falando sobre os rumos da Confenar em 2012. Semana SIPAT, Miss\u00e3o Confenar 2012 para Alemanha e Fran\u00e7a, SEALS 2012, Novo site da Confenar, novidades da \u00c1rea de neg\u00f3cios, al\u00e9m da mensagem de inicio de ano dos lideres de comit\u00ea de diretoria [&hellip;]<\/p>\n","protected":false},"author":1,"featured_media":9676,"comment_status":"open","ping_status":"open","sticky":false,"template":"","format":"standard","meta":{"_acf_changed":false,"footnotes":""},"categories":[6],"tags":[],"class_list":["post-9666","post","type-post","status-publish","format-standard","has-post-thumbnail","hentry","category-tv-confenar"],"acf":[],"_links":{"self":[{"href":"https:\/\/www.confenar.com.br\/index.php\/wp-json\/wp\/v2\/posts\/9666","targetHints":{"allow":["GET"]}}],"collection":[{"href":"https:\/\/www.confenar.com.br\/index.php\/wp-json\/wp\/v2\/posts"}],"about":[{"href":"https:\/\/www.confenar.com.br\/index.php\/wp-json\/wp\/v2\/types\/post"}],"author":[{"embeddable":true,"href":"https:\/\/www.confenar.com.br\/index.php\/wp-json\/wp\/v2\/users\/1"}],"replies":[{"embeddable":true,"href":"https:\/\/www.confenar.com.br\/index.php\/wp-json\/wp\/v2\/comments?post=9666"}],"version-history":[{"count":1,"href":"https:\/\/www.confenar.com.br\/index.php\/wp-json\/wp\/v2\/posts\/9666\/revisions"}],"predecessor-version":[{"id":9671,"href":"https:\/\/www.confenar.com.br\/index.php\/wp-json\/wp\/v2\/posts\/9666\/revisions\/9671"}],"wp:featuredmedia":[{"embeddable":true,"href":"https:\/\/www.confenar.com.br\/index.php\/wp-json\/wp\/v2\/media\/9676"}],"wp:attachment":[{"href":"https:\/\/www.confenar.com.br\/index.php\/wp-json\/wp\/v2\/media?parent=9666"}],"wp:term":[{"taxonomy":"category","embeddable":true,"href":"https:\/\/www.confenar.com.br\/index.php\/wp-json\/wp\/v2\/categories?post=9666"},{"taxonomy":"post_tag","embeddable":true,"href":"https:\/\/www.confenar.com.br\/index.php\/wp-json\/wp\/v2\/tags?post=9666"}],"curies":[{"name":"wp","href":"https:\/\/api.w.org\/{rel}","templated":true}]}}